{"id":51095,"date":"2018-02-20T16:36:07","date_gmt":"2018-02-20T15:36:07","guid":{"rendered":"https:\/\/www.faeteda.org\/chivatos\/"},"modified":"2022-09-16T10:57:35","modified_gmt":"2022-09-16T08:57:35","slug":"chivatos","status":"publish","type":"post","link":"https:\/\/ubicarte.faeteda.org\/en\/chivatos\/","title":{"rendered":"Chivatos"},"content":{"rendered":"<div class=\"fusion-fullwidth fullwidth-box fusion-builder-row-1 nonhundred-percent-fullwidth non-hundred-percent-height-scrolling\" style=\"--awb-border-radius-top-left:0px;--awb-border-radius-top-right:0px;--awb-border-radius-bottom-right:0px;--awb-border-radius-bottom-left:0px;--awb-margin-top:30px;--awb-margin-bottom:30px;--awb-flex-wrap:wrap;\" ><div class=\"fusion-builder-row fusion-row\"><div class=\"fusion-layout-column fusion_builder_column fusion-builder-column-0 fusion_builder_column_1_1 1_1 fusion-one-full fusion-column-first fusion-column-last\" style=\"--awb-bg-size:cover;--awb-margin-bottom:0px;\"><div class=\"fusion-column-wrapper fusion-column-has-shadow fusion-flex-column-wrapper-legacy\"><div class=\"fusion-video fusion-vimeo fusion-aligncenter\" style=\"--awb-max-width:1100px;--awb-max-height:619px;--awb-width:100%;\"><div class=\"video-shortcode\"><lite-vimeo videoid=\"269599442\" class=\"landscape\" params=\"autoplay=1autoplay=0&amp;autopause=0\" title=\"Vimeo video player 1\" data-button-label=\"Play Video\"  width=\"1100\" height=\"619\"><\/lite-vimeo><\/div><\/div><div class=\"fusion-clearfix\"><\/div><\/div><\/div><\/div><\/div><div class=\"fusion-fullwidth fullwidth-box fusion-builder-row-2 nonhundred-percent-fullwidth non-hundred-percent-height-scrolling\" style=\"--awb-border-radius-top-left:0px;--awb-border-radius-top-right:0px;--awb-border-radius-bottom-right:0px;--awb-border-radius-bottom-left:0px;--awb-margin-bottom:30px;--awb-flex-wrap:wrap;\" ><div class=\"fusion-builder-row fusion-row\"><div class=\"fusion-layout-column fusion_builder_column fusion-builder-column-1 fusion_builder_column_1_1 1_1 fusion-one-full fusion-column-first fusion-column-last\" style=\"--awb-bg-size:cover;--awb-margin-bottom:0px;\"><div class=\"fusion-column-wrapper fusion-flex-column-wrapper-legacy\"><div class=\"fusion-title title fusion-title-1 sep-underline sep-dashed fusion-title-text fusion-title-size-one\" style=\"--awb-margin-top-small:0px;--awb-margin-right-small:0px;--awb-margin-bottom-small:20px;--awb-margin-left-small:0px;\"><h1 class=\"fusion-title-heading title-heading-left fusion-responsive-typography-calculated\" style=\"margin:0;--fontSize:44;line-height:1.25;\"><h3 style=\"text-align: center;\"><span style=\"color: #af2f43;\">CHIVATOS<\/span><\/h3><\/h1><\/div><div class=\"fusion-text fusion-text-1\"><p><strong>FAETEDA<\/strong> has developed the <a href=\"https:\/\/chivatos.faeteda.org\/login\" target=\"_blank\" rel=\"noopener noreferrer\">Statistical map on the weekly evolution of the performing arts and music in Spain: CHIVATOS<\/a>, a computer tool derived from the ESPIETES program, which ADETCA created more than twenty years ago with a great vision of the future.<\/p>\n<p style=\"text-align: justify;\">The tool works collaboratively. The associated venues and production companies send weekly the information on their shows (artistic file, influx and economic data). <strong>FAETEDA <\/strong>collects and compiles this data, enters it into the platform and orders it for statistical study. Once stored, users have full access to them through the queries they make and through the summaries that the tool generates.<\/p>\n<p style=\"text-align: justify;\">A performing arts activity database is essential to analyse, evaluate and decide on the political strategies and actions that public and private initiative apply in our sector, and to detect niches problematic at an artistic, business and territorial level. <strong>Chivatos<\/strong> is also a tool to promote transparency and has a highly educational component to explain to society the return generated by the performing and musical arts in Spain. In fact, it has been recognized as one of the <a href=\"https:\/\/www.telefonica.com\/es\/sala-comunicacion\/telefonica-y-compromiso-empresarial-distinguen-a-las-10-mejores-practicas-de-transparencia-y-buen-gobierno-2017\/\" target=\"_blank\" rel=\"noopener\"><strong>ten best practices of transparency and good governance of 2017<\/strong><\/a> in Spain and America Latina, for representing the values \u200b\u200bof integrity and social commitment, a recognition granted by Telef\u00f3nica and Compromiso Empresarial magazine.<\/p>\n<p style=\"text-align: justify;\">The sample of venues and associated production companies covers the entire national territory, and includes both public and privately owned theatres. In this way, the representativeness of the reports offered by the platform has not stopped growing. <strong>FAETEDA<\/strong> hopes that this project can contribute to the development of the sector and, ultimately, that it can benefit society as a whole.<\/p>\n<p><span style=\"color: #af2f43;\"><strong>Do you want to join Chivatos?<\/strong><\/span><\/p>\n<ul>\n<li>You just have to fill in the <a href=\"https:\/\/www.faeteda.org\/wp-content\/uploads\/2022\/06\/2022.06.15-Acuerdo-de-adhesion-para-asociados-rellenable.pdf\" target=\"_blank\" rel=\"noopener\">adherence agreement<\/a> of the program and send us weekly information about your exhibitions.<\/li>\n<li>You can do it through our <a href=\"https:\/\/www.faeteda.org\/wp-content\/uploads\/2022\/06\/2022.06.15-Plantilla-Programa-Chivatos-rellenable.pdf\" target=\"_blank\" rel=\"noopener\">template<\/a> or send us your locker sheets.<\/li>\n<li>There is no problem if you do not have all the information, FAETEDA will take care of searching for the remaining data.<\/li>\n<\/ul>\n<p>For more information, do not hesitate to contact us through <a href=\"chivatos@faeteda.org\" target=\"_blank\" rel=\"noopener\">chivatos@faeteda.org<\/a> or (+34 ) 91 819 26 60 (ext. 2).<\/p>\n<p style=\"text-align: justify;\"><strong>Chivatos <\/strong>is possible thanks to the collaboration of the <a href=\"https:\/\/www.culturaydeporte.gob.es\/portada.html\" target=\"_blank\" rel=\"noopener\">Ministry of Culture and Sports<\/a>, the <a href=\"https:\/\/www.culturaydeporte.gob.es\/cultura\/artesescenicas\/portada.html\" target=\"_blank \" rel=\"noopener\">INAEM<\/a> and the <a href=\"https:\/\/www.sgae.es\/es-ES\/SitePages\/index.aspx\" target=\"_blank\" rel=\"noopener\"> SGAE<\/a>.<\/p>\n<\/div><div class=\"fusion-button-wrapper fusion-aligncenter\"><a class=\"fusion-button button-flat button-xlarge button-custom fusion-button-default button-1 fusion-button-default-span fusion-button-default-type\" style=\"--awb-margin-bottom:20px;--button_accent_color:#af2f43;--button_border_color:#af2f43;--button_accent_hover_color:#af2f43;--button_border_hover_color:#af2f43;--button_border_width-top:2px;--button_border_width-right:2px;--button_border_width-bottom:2px;--button_border_width-left:2px;--button-border-radius-top-left:0px;--button-border-radius-top-right:0px;--button-border-radius-bottom-right:0px;--button-border-radius-bottom-left:0px;--button_gradient_top_color:#ffffff;--button_gradient_bottom_color:#ffffff;--button_gradient_top_color_hover:#ffffff;--button_gradient_bottom_color_hover:#ffffff;\" target=\"_blank\" rel=\"noopener noreferrer\" href=\"https:\/\/chivatos.faeteda.org\/login\"><span class=\"fusion-button-text awb-button__text awb-button__text--default\">Access the Chivatos program<\/span><\/a><\/div><div class=\"fusion-clearfix\"><\/div><\/div><\/div><\/div><\/div><div class=\"fusion-fullwidth fullwidth-box fusion-builder-row-3 fusion-flex-container hundred-percent-fullwidth non-hundred-percent-height-scrolling\" style=\"--awb-border-radius-top-left:0px;--awb-border-radius-top-right:0px;--awb-border-radius-bottom-right:0px;--awb-border-radius-bottom-left:0px;--awb-padding-top:55px;--awb-padding-bottom:40px;--awb-background-color:#f7f7f7;--awb-flex-wrap:wrap;\" ><div class=\"fusion-builder-row fusion-row fusion-flex-align-items-flex-start fusion-flex-content-wrap\" style=\"width:104% !important;max-width:104% !important;margin-left: calc(-4% \/ 2 );margin-right: calc(-4% \/ 2 );\"><div class=\"fusion-layout-column fusion_builder_column fusion-builder-column-2 fusion_builder_column_1_1 1_1 fusion-flex-column\" style=\"--awb-bg-size:cover;--awb-width-large:100%;--awb-margin-top-large:0px;--awb-spacing-right-large:1.92%;--awb-margin-bottom-large:0px;--awb-spacing-left-large:1.92%;--awb-width-medium:100%;--awb-order-medium:0;--awb-spacing-right-medium:1.92%;--awb-spacing-left-medium:1.92%;--awb-width-small:100%;--awb-order-small:0;--awb-spacing-right-small:1.92%;--awb-spacing-left-small:1.92%;\"><div class=\"fusion-column-wrapper fusion-column-has-shadow fusion-flex-justify-content-flex-start fusion-content-layout-column\"><div class=\"fusion-title title fusion-title-2 fusion-sep-none fusion-title-center fusion-title-text fusion-title-size-one\" style=\"--awb-margin-bottom:0px;--awb-margin-top-small:0px;--awb-margin-right-small:0px;--awb-margin-bottom-small:20px;--awb-margin-left-small:0px;\"><h1 class=\"fusion-title-heading title-heading-center fusion-responsive-typography-calculated\" style=\"margin:0;--fontSize:44;line-height:1.25;\">Related news<\/h1><\/div><\/div><\/div><\/div><\/div><div class=\"fusion-fullwidth fullwidth-box fusion-builder-row-4 fusion-flex-container nonhundred-percent-fullwidth non-hundred-percent-height-scrolling\" style=\"--awb-border-radius-top-left:0px;--awb-border-radius-top-right:0px;--awb-border-radius-bottom-right:0px;--awb-border-radius-bottom-left:0px;--awb-flex-wrap:wrap;\" ><div class=\"fusion-builder-row fusion-row fusion-flex-align-items-flex-start fusion-flex-content-wrap\" style=\"max-width:1144px;margin-left: calc(-4% \/ 2 );margin-right: calc(-4% \/ 2 );\"><div class=\"fusion-layout-column fusion_builder_column fusion-builder-column-3 fusion_builder_column_1_1 1_1 fusion-flex-column\" style=\"--awb-bg-size:cover;--awb-width-large:100%;--awb-margin-top-large:0px;--awb-spacing-right-large:1.92%;--awb-margin-bottom-large:20px;--awb-spacing-left-large:1.92%;--awb-width-medium:100%;--awb-order-medium:0;--awb-spacing-right-medium:1.92%;--awb-spacing-left-medium:1.92%;--awb-width-small:100%;--awb-order-small:0;--awb-spacing-right-small:1.92%;--awb-spacing-left-small:1.92%;\"><div class=\"fusion-column-wrapper fusion-column-has-shadow fusion-flex-justify-content-flex-start fusion-content-layout-column\"><div class=\"fusion-section-separator section-separator triangle fusion-section-separator-1\" style=\"--awb-border-bottom:1px solid #f6f6f6;--awb-spacer-height:1px;--awb-svg-margin-left:1.92%;--awb-svg-margin-right:1.92%;--awb-svg-margin-left-medium:1.92%;--awb-svg-margin-right-medium:1.92%;--awb-svg-margin-left-small:1.92%;--awb-svg-margin-right-small:1.92%;--awb-icon-color:#ffffff;\"><div class=\"fusion-section-separator-svg\"><div class=\"divider-candy-arrow bottom\" style=\"top:0px;border-top-color: #f6f6f6;\"><\/div><div class=\"divider-candy bottom\" style=\"bottom:-21px;border-bottom:1px solid #f6f6f6;border-left:1px solid #f6f6f6;\"><\/div><\/div><div class=\"fusion-section-separator-spacer\"><div class=\"fusion-section-separator-spacer-height\"><\/div><\/div><\/div><\/div><\/div><\/div><\/div><div class=\"fusion-fullwidth fullwidth-box fusion-builder-row-5 fusion-flex-container nonhundred-percent-fullwidth non-hundred-percent-height-scrolling\" style=\"--awb-border-radius-top-left:0px;--awb-border-radius-top-right:0px;--awb-border-radius-bottom-right:0px;--awb-border-radius-bottom-left:0px;--awb-padding-top:55px;--awb-flex-wrap:wrap;\" ><div class=\"fusion-builder-row fusion-row fusion-flex-align-items-flex-start fusion-flex-content-wrap\" style=\"max-width:1144px;margin-left: calc(-4% \/ 2 );margin-right: calc(-4% \/ 2 );\"><div class=\"fusion-layout-column fusion_builder_column fusion-builder-column-4 fusion_builder_column_1_1 1_1 fusion-flex-column\" style=\"--awb-bg-size:cover;--awb-width-large:100%;--awb-margin-top-large:0px;--awb-spacing-right-large:1.92%;--awb-margin-bottom-large:20px;--awb-spacing-left-large:1.92%;--awb-width-medium:100%;--awb-order-medium:0;--awb-spacing-right-medium:1.92%;--awb-spacing-left-medium:1.92%;--awb-width-small:100%;--awb-order-small:0;--awb-spacing-right-small:1.92%;--awb-spacing-left-small:1.92%;\"><div class=\"fusion-column-wrapper fusion-column-has-shadow fusion-flex-justify-content-flex-start fusion-content-layout-column\"><div class=\"fusion-recent-posts fusion-recent-posts-1 avada-container layout-default layout-columns-3\"><section class=\"fusion-columns columns fusion-columns-3 columns-3\"><article class=\"post fusion-column column col col-lg-4 col-md-4 col-sm-4\"><div class=\"fusion-flexslider fusion-flexslider-loading flexslider flexslider-hover-type-none\"><ul class=\"slides\"><li><a href=\"https:\/\/ubicarte.faeteda.org\/en\/webinar-aplicacion-del-real-decreto-ley-5-2022\/\" aria-label=\"Webinar: Aplicaci\u00f3n del Real Decreto-Ley 5\/2022\" class=\"hover-type-none\"><img loading=\"lazy\" decoding=\"async\" width=\"700\" height=\"441\" src=\"https:\/\/ubicarte.faeteda.org\/wp-content\/uploads\/2022\/03\/2022.03.31-Aplicacion-del-Real-DecretoLey-5.2022-1500x920-1-700x441.jpg\" class=\"attachment-recent-posts size-recent-posts\" alt=\"\" srcset=\"https:\/\/ubicarte.faeteda.org\/wp-content\/uploads\/2022\/03\/2022.03.31-Aplicacion-del-Real-DecretoLey-5.2022-1500x920-1-320x202.jpg 320w, https:\/\/ubicarte.faeteda.org\/wp-content\/uploads\/2022\/03\/2022.03.31-Aplicacion-del-Real-DecretoLey-5.2022-1500x920-1-700x441.jpg 700w\" sizes=\"auto, (max-width: 700px) 100vw, 700px\" \/><\/a><\/li><\/ul><\/div><div class=\"recent-posts-content\"><span class=\"vcard\" style=\"display: none;\"><span class=\"fn\"><a href=\"https:\/\/ubicarte.faeteda.org\/en\/author\/editor\/\" title=\"Posts by Editor\" rel=\"author\">Editor<\/a><\/span><\/span><span class=\"updated\" style=\"display:none;\">2022-06-28T18:05:26+02:00<\/span><h4 class=\"entry-title\"><a href=\"https:\/\/ubicarte.faeteda.org\/en\/webinar-aplicacion-del-real-decreto-ley-5-2022\/\">Webinar: Aplicaci\u00f3n del Real Decreto-Ley 5\/2022<\/a><\/h4><p>El pasado 28 de marzo, F\u00e9lix Mart\u00ednez  e Isabel Vidal impartieron una sesi\u00f3n online, sobre la aplicaci\u00f3n del Real Decreto-Ley 5\/2022 de 22 de marzo en el sector de las artes esc\u00e9nicas [...]<\/p><\/div><\/article><article class=\"post fusion-column column col col-lg-4 col-md-4 col-sm-4\"><div class=\"fusion-flexslider fusion-flexslider-loading flexslider flexslider-hover-type-none\"><ul class=\"slides\"><li><a href=\"https:\/\/ubicarte.faeteda.org\/en\/finalistas-xxv-edicion-premios-max-de-las-artes-escenicas\/\" aria-label=\"Finalistas XXV Edici\u00f3n Premios Max de las Artes Esc\u00e9nicas\" class=\"hover-type-none\"><img loading=\"lazy\" decoding=\"async\" width=\"700\" height=\"441\" src=\"https:\/\/ubicarte.faeteda.org\/wp-content\/uploads\/2022\/04\/2022.04.26-Finalistas-Premios-Max-1500x920-1-700x441.jpg\" class=\"attachment-recent-posts size-recent-posts\" alt=\"\" srcset=\"https:\/\/ubicarte.faeteda.org\/wp-content\/uploads\/2022\/04\/2022.04.26-Finalistas-Premios-Max-1500x920-1-320x202.jpg 320w, https:\/\/ubicarte.faeteda.org\/wp-content\/uploads\/2022\/04\/2022.04.26-Finalistas-Premios-Max-1500x920-1-700x441.jpg 700w\" sizes=\"auto, (max-width: 700px) 100vw, 700px\" \/><\/a><\/li><\/ul><\/div><div class=\"recent-posts-content\"><span class=\"vcard\" style=\"display: none;\"><span class=\"fn\"><a href=\"https:\/\/ubicarte.faeteda.org\/en\/author\/editor\/\" title=\"Posts by Editor\" rel=\"author\">Editor<\/a><\/span><\/span><span class=\"updated\" style=\"display:none;\">2022-06-28T18:05:08+02:00<\/span><h4 class=\"entry-title\"><a href=\"https:\/\/ubicarte.faeteda.org\/en\/finalistas-xxv-edicion-premios-max-de-las-artes-escenicas\/\">Finalistas XXV Edici\u00f3n Premios Max de las Artes Esc\u00e9nicas<\/a><\/h4><p>El comit\u00e9 organizador de los Premios Max da a conocer los finalistas de las 20 categor\u00edas a concurso de su XXV edici\u00f3n. De los 449 espect\u00e1culos inscritos, 38 han llegado a la \u00faltima fase [...]<\/p><\/div><\/article><article class=\"post fusion-column column col col-lg-4 col-md-4 col-sm-4\"><div class=\"fusion-flexslider fusion-flexslider-loading flexslider flexslider-hover-type-none\"><ul class=\"slides\"><li><a href=\"https:\/\/ubicarte.faeteda.org\/en\/convenio-de-colaboracion-con-unir\/\" aria-label=\"Convenio de colaboraci\u00f3n con UNIR\" class=\"hover-type-none\"><img loading=\"lazy\" decoding=\"async\" width=\"700\" height=\"441\" src=\"https:\/\/ubicarte.faeteda.org\/wp-content\/uploads\/2022\/05\/2022.05.23-Convenio-de-colaboracion-con-UNIR-1500X920-700x441.png\" class=\"attachment-recent-posts size-recent-posts\" alt=\"\" srcset=\"https:\/\/ubicarte.faeteda.org\/wp-content\/uploads\/2022\/05\/2022.05.23-Convenio-de-colaboracion-con-UNIR-1500X920-320x202.png 320w, https:\/\/ubicarte.faeteda.org\/wp-content\/uploads\/2022\/05\/2022.05.23-Convenio-de-colaboracion-con-UNIR-1500X920-700x441.png 700w\" sizes=\"auto, (max-width: 700px) 100vw, 700px\" \/><\/a><\/li><\/ul><\/div><div class=\"recent-posts-content\"><span class=\"vcard\" style=\"display: none;\"><span class=\"fn\"><a href=\"https:\/\/ubicarte.faeteda.org\/en\/author\/editor\/\" title=\"Posts by Editor\" rel=\"author\">Editor<\/a><\/span><\/span><span class=\"updated\" style=\"display:none;\">2022-06-28T18:04:45+02:00<\/span><h4 class=\"entry-title\"><a href=\"https:\/\/ubicarte.faeteda.org\/en\/convenio-de-colaboracion-con-unir\/\">Convenio de colaboraci\u00f3n con UNIR<\/a><\/h4><p>FAETEDA firma un convenio con UNIR a trav\u00e9s del cual los beneficiarios de la Federaci\u00f3n contar\u00e1n con condiciones econ\u00f3micas favorables en la matr\u00edcula de estudios de grado y postgrado [...]<\/p><\/div><\/article><\/section><div class=\"pagination clearfix\"><span class=\"current\">1<\/span><a href=\"https:\/\/ubicarte.faeteda.org\/en\/wp-json\/wp\/v2\/posts\/51095\/page\/2\/\" class=\"inactive\">2<\/a><a class=\"pagination-next\" rel=\"next\" href=\"https:\/\/ubicarte.faeteda.org\/en\/wp-json\/wp\/v2\/posts\/51095\/page\/2\/\"><span class=\"page-text\">Next<\/span><span class=\"page-next\"><\/span><\/a><\/div><div class=\"fusion-clearfix\"><\/div><\/div><\/div><\/div><\/div><\/div>\n","protected":false},"excerpt":{"rendered":"","protected":false},"author":2,"featured_media":0,"comment_status":"closed","ping_status":"closed","sticky":false,"template":"","format":"standard","meta":{"footnotes":""},"categories":[1146],"tags":[],"class_list":["post-51095","post","type-post","status-publish","format-standard","hentry","category-projects"],"yoast_head":"<!-- This site is optimized with the Yoast SEO plugin v27.4 - https:\/\/yoast.com\/product\/yoast-seo-wordpress\/ -->\n<title>Chivatos - Ubicarte<\/title>\n<meta name=\"robots\" content=\"index, follow, max-snippet:-1, max-image-preview:large, max-video-preview:-1\" \/>\n<link rel=\"canonical\" href=\"https:\/\/ubicarte.faeteda.org\/en\/chivatos\/\" \/>\n<meta property=\"og:locale\" content=\"en_US\" \/>\n<meta property=\"og:type\" content=\"article\" \/>\n<meta property=\"og:title\" content=\"Chivatos - Ubicarte\" \/>\n<meta property=\"og:url\" content=\"https:\/\/ubicarte.faeteda.org\/en\/chivatos\/\" \/>\n<meta property=\"og:site_name\" content=\"Ubicarte\" \/>\n<meta property=\"article:published_time\" content=\"2018-02-20T15:36:07+00:00\" \/>\n<meta property=\"article:modified_time\" content=\"2022-09-16T08:57:35+00:00\" \/>\n<meta name=\"author\" content=\"Ivan Farr\u00e9\" \/>\n<meta name=\"twitter:card\" content=\"summary_large_image\" \/>\n<meta name=\"twitter:label1\" content=\"Written by\" \/>\n\t<meta name=\"twitter:data1\" content=\"Ivan Farr\u00e9\" \/>\n\t<meta name=\"twitter:label2\" content=\"Est. reading time\" \/>\n\t<meta name=\"twitter:data2\" content=\"8 minutes\" \/>\n<script type=\"application\/ld+json\" class=\"yoast-schema-graph\">{\"@context\":\"https:\\\/\\\/schema.org\",\"@graph\":[{\"@type\":\"Article\",\"@id\":\"https:\\\/\\\/ubicarte.faeteda.org\\\/en\\\/chivatos\\\/#article\",\"isPartOf\":{\"@id\":\"https:\\\/\\\/ubicarte.faeteda.org\\\/en\\\/chivatos\\\/\"},\"author\":{\"name\":\"Ivan Farr\u00e9\",\"@id\":\"https:\\\/\\\/ubicarte.faeteda.org\\\/en\\\/#\\\/schema\\\/person\\\/11a04fcdee0b92b3a97de3f77526ca6b\"},\"headline\":\"Chivatos\",\"datePublished\":\"2018-02-20T15:36:07+00:00\",\"dateModified\":\"2022-09-16T08:57:35+00:00\",\"mainEntityOfPage\":{\"@id\":\"https:\\\/\\\/ubicarte.faeteda.org\\\/en\\\/chivatos\\\/\"},\"wordCount\":3715,\"publisher\":{\"@id\":\"https:\\\/\\\/ubicarte.faeteda.org\\\/en\\\/#organization\"},\"articleSection\":[\"Projects\"],\"inLanguage\":\"en-US\"},{\"@type\":\"WebPage\",\"@id\":\"https:\\\/\\\/ubicarte.faeteda.org\\\/en\\\/chivatos\\\/\",\"url\":\"https:\\\/\\\/ubicarte.faeteda.org\\\/en\\\/chivatos\\\/\",\"name\":\"Chivatos - Ubicarte\",\"isPartOf\":{\"@id\":\"https:\\\/\\\/ubicarte.faeteda.org\\\/en\\\/#website\"},\"datePublished\":\"2018-02-20T15:36:07+00:00\",\"dateModified\":\"2022-09-16T08:57:35+00:00\",\"breadcrumb\":{\"@id\":\"https:\\\/\\\/ubicarte.faeteda.org\\\/en\\\/chivatos\\\/#breadcrumb\"},\"inLanguage\":\"en-US\",\"potentialAction\":[{\"@type\":\"ReadAction\",\"target\":[\"https:\\\/\\\/ubicarte.faeteda.org\\\/en\\\/chivatos\\\/\"]}]},{\"@type\":\"BreadcrumbList\",\"@id\":\"https:\\\/\\\/ubicarte.faeteda.org\\\/en\\\/chivatos\\\/#breadcrumb\",\"itemListElement\":[{\"@type\":\"ListItem\",\"position\":1,\"name\":\"Portada\",\"item\":\"https:\\\/\\\/ubicarte.faeteda.org\\\/en\\\/\"},{\"@type\":\"ListItem\",\"position\":2,\"name\":\"Chivatos\"}]},{\"@type\":\"WebSite\",\"@id\":\"https:\\\/\\\/ubicarte.faeteda.org\\\/en\\\/#website\",\"url\":\"https:\\\/\\\/ubicarte.faeteda.org\\\/en\\\/\",\"name\":\"Ubicarte Faeteda\",\"description\":\"Mapa interactivo de las artes esc\u00e9nicas y de la m\u00fasica en Espa\u00f1a\",\"publisher\":{\"@id\":\"https:\\\/\\\/ubicarte.faeteda.org\\\/en\\\/#organization\"},\"potentialAction\":[{\"@type\":\"SearchAction\",\"target\":{\"@type\":\"EntryPoint\",\"urlTemplate\":\"https:\\\/\\\/ubicarte.faeteda.org\\\/en\\\/?s={search_term_string}\"},\"query-input\":{\"@type\":\"PropertyValueSpecification\",\"valueRequired\":true,\"valueName\":\"search_term_string\"}}],\"inLanguage\":\"en-US\"},{\"@type\":\"Organization\",\"@id\":\"https:\\\/\\\/ubicarte.faeteda.org\\\/en\\\/#organization\",\"name\":\"Ubicarte Faeteda\",\"url\":\"https:\\\/\\\/ubicarte.faeteda.org\\\/en\\\/\",\"logo\":{\"@type\":\"ImageObject\",\"inLanguage\":\"en-US\",\"@id\":\"https:\\\/\\\/ubicarte.faeteda.org\\\/en\\\/#\\\/schema\\\/logo\\\/image\\\/\",\"url\":\"https:\\\/\\\/ubicarte.faeteda.org\\\/wp-content\\\/uploads\\\/2021\\\/06\\\/Ubicarte.jpg\",\"contentUrl\":\"https:\\\/\\\/ubicarte.faeteda.org\\\/wp-content\\\/uploads\\\/2021\\\/06\\\/Ubicarte.jpg\",\"width\":372,\"height\":52,\"caption\":\"Ubicarte Faeteda\"},\"image\":{\"@id\":\"https:\\\/\\\/ubicarte.faeteda.org\\\/en\\\/#\\\/schema\\\/logo\\\/image\\\/\"}},{\"@type\":\"Person\",\"@id\":\"https:\\\/\\\/ubicarte.faeteda.org\\\/en\\\/#\\\/schema\\\/person\\\/11a04fcdee0b92b3a97de3f77526ca6b\",\"name\":\"Ivan Farr\u00e9\",\"url\":\"https:\\\/\\\/ubicarte.faeteda.org\\\/en\\\/author\\\/ivanfarre\\\/\"}]}<\/script>\n<!-- \/ Yoast SEO plugin. -->","yoast_head_json":{"title":"Chivatos - Ubicarte","robots":{"index":"index","follow":"follow","max-snippet":"max-snippet:-1","max-image-preview":"max-image-preview:large","max-video-preview":"max-video-preview:-1"},"canonical":"https:\/\/ubicarte.faeteda.org\/en\/chivatos\/","og_locale":"en_US","og_type":"article","og_title":"Chivatos - Ubicarte","og_url":"https:\/\/ubicarte.faeteda.org\/en\/chivatos\/","og_site_name":"Ubicarte","article_published_time":"2018-02-20T15:36:07+00:00","article_modified_time":"2022-09-16T08:57:35+00:00","author":"Ivan Farr\u00e9","twitter_card":"summary_large_image","twitter_misc":{"Written by":"Ivan Farr\u00e9","Est. reading time":"8 minutes"},"schema":{"@context":"https:\/\/schema.org","@graph":[{"@type":"Article","@id":"https:\/\/ubicarte.faeteda.org\/en\/chivatos\/#article","isPartOf":{"@id":"https:\/\/ubicarte.faeteda.org\/en\/chivatos\/"},"author":{"name":"Ivan Farr\u00e9","@id":"https:\/\/ubicarte.faeteda.org\/en\/#\/schema\/person\/11a04fcdee0b92b3a97de3f77526ca6b"},"headline":"Chivatos","datePublished":"2018-02-20T15:36:07+00:00","dateModified":"2022-09-16T08:57:35+00:00","mainEntityOfPage":{"@id":"https:\/\/ubicarte.faeteda.org\/en\/chivatos\/"},"wordCount":3715,"publisher":{"@id":"https:\/\/ubicarte.faeteda.org\/en\/#organization"},"articleSection":["Projects"],"inLanguage":"en-US"},{"@type":"WebPage","@id":"https:\/\/ubicarte.faeteda.org\/en\/chivatos\/","url":"https:\/\/ubicarte.faeteda.org\/en\/chivatos\/","name":"Chivatos - Ubicarte","isPartOf":{"@id":"https:\/\/ubicarte.faeteda.org\/en\/#website"},"datePublished":"2018-02-20T15:36:07+00:00","dateModified":"2022-09-16T08:57:35+00:00","breadcrumb":{"@id":"https:\/\/ubicarte.faeteda.org\/en\/chivatos\/#breadcrumb"},"inLanguage":"en-US","potentialAction":[{"@type":"ReadAction","target":["https:\/\/ubicarte.faeteda.org\/en\/chivatos\/"]}]},{"@type":"BreadcrumbList","@id":"https:\/\/ubicarte.faeteda.org\/en\/chivatos\/#breadcrumb","itemListElement":[{"@type":"ListItem","position":1,"name":"Portada","item":"https:\/\/ubicarte.faeteda.org\/en\/"},{"@type":"ListItem","position":2,"name":"Chivatos"}]},{"@type":"WebSite","@id":"https:\/\/ubicarte.faeteda.org\/en\/#website","url":"https:\/\/ubicarte.faeteda.org\/en\/","name":"Ubicarte Faeteda","description":"Mapa interactivo de las artes esc\u00e9nicas y de la m\u00fasica en Espa\u00f1a","publisher":{"@id":"https:\/\/ubicarte.faeteda.org\/en\/#organization"},"potentialAction":[{"@type":"SearchAction","target":{"@type":"EntryPoint","urlTemplate":"https:\/\/ubicarte.faeteda.org\/en\/?s={search_term_string}"},"query-input":{"@type":"PropertyValueSpecification","valueRequired":true,"valueName":"search_term_string"}}],"inLanguage":"en-US"},{"@type":"Organization","@id":"https:\/\/ubicarte.faeteda.org\/en\/#organization","name":"Ubicarte Faeteda","url":"https:\/\/ubicarte.faeteda.org\/en\/","logo":{"@type":"ImageObject","inLanguage":"en-US","@id":"https:\/\/ubicarte.faeteda.org\/en\/#\/schema\/logo\/image\/","url":"https:\/\/ubicarte.faeteda.org\/wp-content\/uploads\/2021\/06\/Ubicarte.jpg","contentUrl":"https:\/\/ubicarte.faeteda.org\/wp-content\/uploads\/2021\/06\/Ubicarte.jpg","width":372,"height":52,"caption":"Ubicarte Faeteda"},"image":{"@id":"https:\/\/ubicarte.faeteda.org\/en\/#\/schema\/logo\/image\/"}},{"@type":"Person","@id":"https:\/\/ubicarte.faeteda.org\/en\/#\/schema\/person\/11a04fcdee0b92b3a97de3f77526ca6b","name":"Ivan Farr\u00e9","url":"https:\/\/ubicarte.faeteda.org\/en\/author\/ivanfarre\/"}]}},"_links":{"self":[{"href":"https:\/\/ubicarte.faeteda.org\/en\/wp-json\/wp\/v2\/posts\/51095","targetHints":{"allow":["GET"]}}],"collection":[{"href":"https:\/\/ubicarte.faeteda.org\/en\/wp-json\/wp\/v2\/posts"}],"about":[{"href":"https:\/\/ubicarte.faeteda.org\/en\/wp-json\/wp\/v2\/types\/post"}],"author":[{"embeddable":true,"href":"https:\/\/ubicarte.faeteda.org\/en\/wp-json\/wp\/v2\/users\/2"}],"replies":[{"embeddable":true,"href":"https:\/\/ubicarte.faeteda.org\/en\/wp-json\/wp\/v2\/comments?post=51095"}],"version-history":[{"count":0,"href":"https:\/\/ubicarte.faeteda.org\/en\/wp-json\/wp\/v2\/posts\/51095\/revisions"}],"wp:attachment":[{"href":"https:\/\/ubicarte.faeteda.org\/en\/wp-json\/wp\/v2\/media?parent=51095"}],"wp:term":[{"taxonomy":"category","embeddable":true,"href":"https:\/\/ubicarte.faeteda.org\/en\/wp-json\/wp\/v2\/categories?post=51095"},{"taxonomy":"post_tag","embeddable":true,"href":"https:\/\/ubicarte.faeteda.org\/en\/wp-json\/wp\/v2\/tags?post=51095"}],"curies":[{"name":"wp","href":"https:\/\/api.w.org\/{rel}","templated":true}]}}